{"id":5880,"date":"2020-05-13T12:55:15","date_gmt":"2020-05-13T15:55:15","guid":{"rendered":"https:\/\/www.fdinternational.com\/dev\/?p=5880"},"modified":"2024-07-10T16:03:34","modified_gmt":"2024-07-10T19:03:34","slug":"nuestra-opinion-en-los-medios-de-comunicacion","status":"publish","type":"post","link":"https:\/\/www.fdinternational.com\/dev\/newsletter\/nuestra-opinion-en-los-medios-de-comunicacion\/","title":{"rendered":"Nuestra opini\u00f3n en los medios de comunicaci\u00f3n"},"content":{"rendered":"<h3><span style=\"color: #2c2b7d;\"><strong><b>Nuestra opini\u00f3n en los medios de comunicaci\u00f3n<\/b><\/strong><\/span><\/h3>\n<div>\n<p><span data-contrast=\"auto\">Uno de nuestros objetivos\u00a0<\/span><span data-contrast=\"auto\">cuando participamos en los medios de comunicaci\u00f3n,\u00a0<\/span><span data-contrast=\"auto\">es contribuir con opini\u00f3n calificada para que los inversores<\/span><span data-contrast=\"auto\">\u00a0y la comunidad empresaria<\/span><span data-contrast=\"auto\">\u00a0tomen decisiones acertadas.<\/span><span data-ccp-props=\"{&quot;201341983&quot;:0,&quot;335551550&quot;:6,&quot;335551620&quot;:6,&quot;335559739&quot;:160,&quot;335559740&quot;:259}\">\u00a0<\/span><\/p>\n<p><span data-contrast=\"auto\">En los\u00a0<\/span><b><span data-contrast=\"auto\">\u00faltimos doce meses<\/span><\/b><span data-contrast=\"auto\">\u00a0&#8211;<\/span><span data-contrast=\"auto\">mayo 2019\/abril 2020-<\/span><span data-contrast=\"auto\">\u00a0<\/span><span data-contrast=\"auto\">fuimos consultados en\u00a0<\/span><b><span data-contrast=\"auto\">478 oportunidades<\/span><\/b><span data-contrast=\"auto\">.<\/span><span data-ccp-props=\"{&quot;201341983&quot;:0,&quot;335551550&quot;:6,&quot;335551620&quot;:6,&quot;335559739&quot;:160,&quot;335559740&quot;:259}\">\u00a0<\/span><\/p>\n<p><b><span data-contrast=\"auto\">Bloomberg<\/span><\/b><b><span data-contrast=\"auto\">\u00a0y Reuters<\/span><\/b><span data-contrast=\"auto\">, las dos principales agencias internacionales de econom\u00eda y finanzas, reflejaron\u00a0<\/span><span data-contrast=\"auto\">en varias oportunidades\u00a0<\/span><span data-contrast=\"auto\">nuestra visi\u00f3n.\u00a0 Los principales medios de la regi\u00f3n tambi\u00e9n compartieron nuestra opini\u00f3n sobre la coyuntura econ\u00f3mica-financiera<\/span><span data-contrast=\"auto\">. Entre otros,\u00a0<\/span><b><span data-contrast=\"auto\">El Pa\u00eds,\u00a0<\/span><\/b><b><span data-contrast=\"auto\">Am\u00e9ricaEconom\u00eda<\/span><\/b><b><span data-contrast=\"auto\">, La Naci\u00f3n, Clar\u00edn, Infobae, El Cronista, Perfil, \u00c1mbito Financiero<\/span><\/b><b><span data-contrast=\"auto\">,\u00a0<\/span><\/b><b><span data-contrast=\"auto\">iProfesional<\/span><\/b><span data-contrast=\"auto\">\u00a0y\u00a0<\/span><b><span data-contrast=\"auto\">El Observador<\/span><\/b><span data-contrast=\"auto\">. Nos entrevistaron radios y canales de TV como\u00a0<\/span><b><span data-contrast=\"auto\">CNN Radio, Radio Mitre, Am\u00e9rica TV, Canal de la Ciudad, C5N<\/span><\/b><span data-contrast=\"auto\">\u00a0y<\/span><b><span data-contrast=\"auto\">\u00a0Radio 10<\/span><\/b><span data-contrast=\"auto\">, entre otras.<\/span><span data-ccp-props=\"{&quot;201341983&quot;:0,&quot;335551550&quot;:6,&quot;335551620&quot;:6,&quot;335559739&quot;:160,&quot;335559740&quot;:259}\">\u00a0<\/span><\/p>\n<p><span data-contrast=\"auto\">El siguiente\u00a0<\/span><span data-contrast=\"auto\">link<\/span><span data-contrast=\"auto\">\u00a0<\/span><span data-contrast=\"auto\">te permite acceder a\u00a0<\/span><span style=\"color: #2c2b7d;\"><strong><a style=\"color: #2c2b7d;\" href=\"https:\/\/www.fdinternational.com\/dev\/fdi-en-los-medios\/\" target=\"_blank\" rel=\"noopener\">nuestras opiniones en los\u00a0principales\u00a0medios<\/a>\u00a0<\/strong><\/span><\/p>\n<p><span data-contrast=\"auto\">Seguimos en contacto y quedamos a disposici\u00f3n para lo que necesites<\/span><span data-contrast=\"auto\">.<\/span><span data-ccp-props=\"{&quot;201341983&quot;:0,&quot;335551550&quot;:6,&quot;335551620&quot;:6,&quot;335559739&quot;:160,&quot;335559740&quot;:259}\">\u00a0<\/span><\/p>\n<\/div>\n<p><strong>Mariano Sard\u00e1ns<br \/>\nCEO de FDI<br \/>\nGerenciadora de Patrimonios<\/strong><\/p>\n","protected":false},"excerpt":{"rendered":"<p>En los \u00faltimos doce meses -mayo 2019\/abril 2020- fuimos consultados en 478 oportunidades, entre ellos los medios destacados Bloomberg y Reuters.<\/p>\n","protected":false},"author":1,"featured_media":5881,"comment_status":"closed","ping_status":"open","sticky":false,"template":"","format":"standard","meta":{"footnotes":""},"categories":[1],"tags":[],"yoast_head":"<!-- This site is optimized with the Yoast SEO plugin v17.1 - https:\/\/yoast.com\/wordpress\/plugins\/seo\/ -->\n<title>Nuestra opini\u00f3n en los medios de comunicaci\u00f3n - FDI<\/title>\n<meta name=\"description\" content=\"En los \u00faltimos doce meses -mayo 2019\/abril 2020- fuimos consultados en 478 oportunidades, entre ellos, los medios destacados Bloomberg y Reuters.\" \/>\n<meta name=\"robots\" content=\"index, follow, max-snippet:-1, max-image-preview:large, max-video-preview:-1\" \/>\n<link rel=\"canonical\" href=\"https:\/\/www.fdinternational.com\/dev\/newsletter\/nuestra-opinion-en-los-medios-de-comunicacion\/\" \/>\n<meta property=\"og:locale\" content=\"es_ES\" \/>\n<meta property=\"og:type\" content=\"article\" \/>\n<meta property=\"og:title\" content=\"Nuestra opini\u00f3n en los medios de comunicaci\u00f3n - FDI\" \/>\n<meta property=\"og:description\" content=\"En los \u00faltimos doce meses -mayo 2019\/abril 2020- fuimos consultados en 478 oportunidades, entre ellos, los medios destacados Bloomberg y Reuters.\" \/>\n<meta property=\"og:url\" content=\"https:\/\/www.fdinternational.com\/dev\/newsletter\/nuestra-opinion-en-los-medios-de-comunicacion\/\" \/>\n<meta property=\"og:site_name\" content=\"FDI - Gerenciadora de Patrimonios\" \/>\n<meta property=\"article:published_time\" content=\"2020-05-13T15:55:15+00:00\" \/>\n<meta property=\"article:modified_time\" content=\"2024-07-10T19:03:34+00:00\" \/>\n<meta property=\"og:image\" content=\"https:\/\/www.fdinternational.com\/dev\/wp-content\/uploads\/2020\/05\/FDI-medios-web.jpg\" \/>\n\t<meta property=\"og:image:width\" content=\"800\" \/>\n\t<meta property=\"og:image:height\" content=\"491\" \/>\n<meta name=\"twitter:card\" content=\"summary\" \/>\n<meta name=\"twitter:label1\" content=\"Escrito por\" \/>\n\t<meta name=\"twitter:data1\" content=\"adminfd\" \/>\n\t<meta name=\"twitter:label2\" content=\"Tiempo de lectura\" \/>\n\t<meta name=\"twitter:data2\" content=\"1 minuto\" \/>\n<script type=\"application\/ld+json\" class=\"yoast-schema-graph\">{\"@context\":\"https:\/\/schema.org\",\"@graph\":[{\"@type\":\"WebSite\",\"@id\":\"https:\/\/www.fdinternational.com\/dev\/#website\",\"url\":\"https:\/\/www.fdinternational.com\/dev\/\",\"name\":\"FDI - Gerenciadora de Patrimonios\",\"description\":\"Gerenciamiento de Patrimonios Personales, Familiares e Institucionales\",\"potentialAction\":[{\"@type\":\"SearchAction\",\"target\":{\"@type\":\"EntryPoint\",\"urlTemplate\":\"https:\/\/www.fdinternational.com\/dev\/?s={search_term_string}\"},\"query-input\":\"required name=search_term_string\"}],\"inLanguage\":\"es-AR\"},{\"@type\":\"ImageObject\",\"@id\":\"https:\/\/www.fdinternational.com\/dev\/newsletter\/nuestra-opinion-en-los-medios-de-comunicacion\/#primaryimage\",\"inLanguage\":\"es-AR\",\"url\":\"https:\/\/www.fdinternational.com\/dev\/wp-content\/uploads\/2020\/05\/FDI-medios-web.jpg\",\"contentUrl\":\"https:\/\/www.fdinternational.com\/dev\/wp-content\/uploads\/2020\/05\/FDI-medios-web.jpg\",\"width\":800,\"height\":491},{\"@type\":\"WebPage\",\"@id\":\"https:\/\/www.fdinternational.com\/dev\/newsletter\/nuestra-opinion-en-los-medios-de-comunicacion\/#webpage\",\"url\":\"https:\/\/www.fdinternational.com\/dev\/newsletter\/nuestra-opinion-en-los-medios-de-comunicacion\/\",\"name\":\"Nuestra opini\\u00f3n en los medios de comunicaci\\u00f3n - FDI\",\"isPartOf\":{\"@id\":\"https:\/\/www.fdinternational.com\/dev\/#website\"},\"primaryImageOfPage\":{\"@id\":\"https:\/\/www.fdinternational.com\/dev\/newsletter\/nuestra-opinion-en-los-medios-de-comunicacion\/#primaryimage\"},\"datePublished\":\"2020-05-13T15:55:15+00:00\",\"dateModified\":\"2024-07-10T19:03:34+00:00\",\"author\":{\"@id\":\"https:\/\/www.fdinternational.com\/dev\/#\/schema\/person\/1806c8af621ad3c7d5aface04a602c4f\"},\"description\":\"En los \\u00faltimos doce meses -mayo 2019\/abril 2020- fuimos consultados en 478 oportunidades, entre ellos, los medios destacados Bloomberg y Reuters.\",\"breadcrumb\":{\"@id\":\"https:\/\/www.fdinternational.com\/dev\/newsletter\/nuestra-opinion-en-los-medios-de-comunicacion\/#breadcrumb\"},\"inLanguage\":\"es-AR\",\"potentialAction\":[{\"@type\":\"ReadAction\",\"target\":[\"https:\/\/www.fdinternational.com\/dev\/newsletter\/nuestra-opinion-en-los-medios-de-comunicacion\/\"]}]},{\"@type\":\"BreadcrumbList\",\"@id\":\"https:\/\/www.fdinternational.com\/dev\/newsletter\/nuestra-opinion-en-los-medios-de-comunicacion\/#breadcrumb\",\"itemListElement\":[{\"@type\":\"ListItem\",\"position\":1,\"name\":\"Nuestra opini\\u00f3n en los medios de comunicaci\\u00f3n\"}]},{\"@type\":\"Person\",\"@id\":\"https:\/\/www.fdinternational.com\/dev\/#\/schema\/person\/1806c8af621ad3c7d5aface04a602c4f\",\"name\":\"adminfd\",\"image\":{\"@type\":\"ImageObject\",\"@id\":\"https:\/\/www.fdinternational.com\/dev\/#personlogo\",\"inLanguage\":\"es-AR\",\"url\":\"https:\/\/secure.gravatar.com\/avatar\/b3cd6d7f1cf8440ac9693c61b01d4f91?s=96&d=mm&r=g\",\"contentUrl\":\"https:\/\/secure.gravatar.com\/avatar\/b3cd6d7f1cf8440ac9693c61b01d4f91?s=96&d=mm&r=g\",\"caption\":\"adminfd\"},\"url\":\"https:\/\/www.fdinternational.com\/dev\/author\/adminfd\/\"}]}<\/script>\n<!-- \/ Yoast SEO plugin. -->","yoast_head_json":{"title":"Nuestra opini\u00f3n en los medios de comunicaci\u00f3n - FDI","description":"En los \u00faltimos doce meses -mayo 2019\/abril 2020- fuimos consultados en 478 oportunidades, entre ellos, los medios destacados Bloomberg y Reuters.","robots":{"index":"index","follow":"follow","max-snippet":"max-snippet:-1","max-image-preview":"max-image-preview:large","max-video-preview":"max-video-preview:-1"},"canonical":"https:\/\/www.fdinternational.com\/dev\/newsletter\/nuestra-opinion-en-los-medios-de-comunicacion\/","og_locale":"es_ES","og_type":"article","og_title":"Nuestra opini\u00f3n en los medios de comunicaci\u00f3n - FDI","og_description":"En los \u00faltimos doce meses -mayo 2019\/abril 2020- fuimos consultados en 478 oportunidades, entre ellos, los medios destacados Bloomberg y Reuters.","og_url":"https:\/\/www.fdinternational.com\/dev\/newsletter\/nuestra-opinion-en-los-medios-de-comunicacion\/","og_site_name":"FDI - Gerenciadora de Patrimonios","article_published_time":"2020-05-13T15:55:15+00:00","article_modified_time":"2024-07-10T19:03:34+00:00","og_image":[{"width":800,"height":491,"url":"https:\/\/www.fdinternational.com\/dev\/wp-content\/uploads\/2020\/05\/FDI-medios-web.jpg","path":"\/home\/fdintern\/public_html\/dev\/wp-content\/uploads\/2020\/05\/FDI-medios-web.jpg","size":"full","id":5881,"alt":"","pixels":392800,"type":"image\/jpeg"}],"twitter_card":"summary","twitter_misc":{"Escrito por":"adminfd","Tiempo de lectura":"1 minuto"},"schema":{"@context":"https:\/\/schema.org","@graph":[{"@type":"WebSite","@id":"https:\/\/www.fdinternational.com\/dev\/#website","url":"https:\/\/www.fdinternational.com\/dev\/","name":"FDI - Gerenciadora de Patrimonios","description":"Gerenciamiento de Patrimonios Personales, Familiares e Institucionales","potentialAction":[{"@type":"SearchAction","target":{"@type":"EntryPoint","urlTemplate":"https:\/\/www.fdinternational.com\/dev\/?s={search_term_string}"},"query-input":"required name=search_term_string"}],"inLanguage":"es-AR"},{"@type":"ImageObject","@id":"https:\/\/www.fdinternational.com\/dev\/newsletter\/nuestra-opinion-en-los-medios-de-comunicacion\/#primaryimage","inLanguage":"es-AR","url":"https:\/\/www.fdinternational.com\/dev\/wp-content\/uploads\/2020\/05\/FDI-medios-web.jpg","contentUrl":"https:\/\/www.fdinternational.com\/dev\/wp-content\/uploads\/2020\/05\/FDI-medios-web.jpg","width":800,"height":491},{"@type":"WebPage","@id":"https:\/\/www.fdinternational.com\/dev\/newsletter\/nuestra-opinion-en-los-medios-de-comunicacion\/#webpage","url":"https:\/\/www.fdinternational.com\/dev\/newsletter\/nuestra-opinion-en-los-medios-de-comunicacion\/","name":"Nuestra opini\u00f3n en los medios de comunicaci\u00f3n - FDI","isPartOf":{"@id":"https:\/\/www.fdinternational.com\/dev\/#website"},"primaryImageOfPage":{"@id":"https:\/\/www.fdinternational.com\/dev\/newsletter\/nuestra-opinion-en-los-medios-de-comunicacion\/#primaryimage"},"datePublished":"2020-05-13T15:55:15+00:00","dateModified":"2024-07-10T19:03:34+00:00","author":{"@id":"https:\/\/www.fdinternational.com\/dev\/#\/schema\/person\/1806c8af621ad3c7d5aface04a602c4f"},"description":"En los \u00faltimos doce meses -mayo 2019\/abril 2020- fuimos consultados en 478 oportunidades, entre ellos, los medios destacados Bloomberg y Reuters.","breadcrumb":{"@id":"https:\/\/www.fdinternational.com\/dev\/newsletter\/nuestra-opinion-en-los-medios-de-comunicacion\/#breadcrumb"},"inLanguage":"es-AR","potentialAction":[{"@type":"ReadAction","target":["https:\/\/www.fdinternational.com\/dev\/newsletter\/nuestra-opinion-en-los-medios-de-comunicacion\/"]}]},{"@type":"BreadcrumbList","@id":"https:\/\/www.fdinternational.com\/dev\/newsletter\/nuestra-opinion-en-los-medios-de-comunicacion\/#breadcrumb","itemListElement":[{"@type":"ListItem","position":1,"name":"Nuestra opini\u00f3n en los medios de comunicaci\u00f3n"}]},{"@type":"Person","@id":"https:\/\/www.fdinternational.com\/dev\/#\/schema\/person\/1806c8af621ad3c7d5aface04a602c4f","name":"adminfd","image":{"@type":"ImageObject","@id":"https:\/\/www.fdinternational.com\/dev\/#personlogo","inLanguage":"es-AR","url":"https:\/\/secure.gravatar.com\/avatar\/b3cd6d7f1cf8440ac9693c61b01d4f91?s=96&d=mm&r=g","contentUrl":"https:\/\/secure.gravatar.com\/avatar\/b3cd6d7f1cf8440ac9693c61b01d4f91?s=96&d=mm&r=g","caption":"adminfd"},"url":"https:\/\/www.fdinternational.com\/dev\/author\/adminfd\/"}]}},"_links":{"self":[{"href":"https:\/\/www.fdinternational.com\/dev\/wp-json\/wp\/v2\/posts\/5880"}],"collection":[{"href":"https:\/\/www.fdinternational.com\/dev\/wp-json\/wp\/v2\/posts"}],"about":[{"href":"https:\/\/www.fdinternational.com\/dev\/wp-json\/wp\/v2\/types\/post"}],"author":[{"embeddable":true,"href":"https:\/\/www.fdinternational.com\/dev\/wp-json\/wp\/v2\/users\/1"}],"replies":[{"embeddable":true,"href":"https:\/\/www.fdinternational.com\/dev\/wp-json\/wp\/v2\/comments?post=5880"}],"version-history":[{"count":1,"href":"https:\/\/www.fdinternational.com\/dev\/wp-json\/wp\/v2\/posts\/5880\/revisions"}],"predecessor-version":[{"id":8861,"href":"https:\/\/www.fdinternational.com\/dev\/wp-json\/wp\/v2\/posts\/5880\/revisions\/8861"}],"wp:featuredmedia":[{"embeddable":true,"href":"https:\/\/www.fdinternational.com\/dev\/wp-json\/wp\/v2\/media\/5881"}],"wp:attachment":[{"href":"https:\/\/www.fdinternational.com\/dev\/wp-json\/wp\/v2\/media?parent=5880"}],"wp:term":[{"taxonomy":"category","embeddable":true,"href":"https:\/\/www.fdinternational.com\/dev\/wp-json\/wp\/v2\/categories?post=5880"},{"taxonomy":"post_tag","embeddable":true,"href":"https:\/\/www.fdinternational.com\/dev\/wp-json\/wp\/v2\/tags?post=5880"}],"curies":[{"name":"wp","href":"https:\/\/api.w.org\/{rel}","templated":true}]}}