{"id":6157,"date":"2020-08-03T09:49:04","date_gmt":"2020-08-03T12:49:04","guid":{"rendered":"https:\/\/www.fdinternational.com\/dev\/?p=6157"},"modified":"2024-07-10T16:01:12","modified_gmt":"2024-07-10T19:01:12","slug":"la-afip-y-los-argentinos-que-viven-en-el-exterior","status":"publish","type":"post","link":"https:\/\/www.fdinternational.com\/dev\/newsletter\/la-afip-y-los-argentinos-que-viven-en-el-exterior\/","title":{"rendered":"La AFIP y los argentinos que viven en el exterior"},"content":{"rendered":"<h3><span style=\"color: #2c2b7d;\"><strong><b>La AFIP y los argentinos que viven en el exterior<\/b><\/strong><\/span><\/h3>\n<div>\n<p>Todos los d\u00edas hablamos con argentinos que viven fuera de Argentina. Hoy son nuestro segmento de clientes m\u00e1s numeroso, por eso hace un tiempo formalizamos el servicio que brindamos a ellos.<\/p>\n<p>Una caracter\u00edstica que observamos en ellos es la desprolijidad &#8220;fiscal&#8221; que dejan en Argentina.<\/p>\n<p>Est\u00e1n los que tienen bienes en este pa\u00eds y &#8220;jam\u00e1s se enteraron&#8221; que deben designar un nexo local que interact\u00fae con la AFIP, llamado Responsable Sustituto (&#8220;RS&#8221;). Se enteran cuando ya es tarde y quieren vender esos bienes para llevarse el procedente a su pa\u00eds de residencia y se encuentran con impedimentos varios.<\/p>\n<p>Despu\u00e9s est\u00e1n los que s\u00ed est\u00e1n informados y nombraron a un familiar o amigo como RS. La mayor\u00eda de las veces, estos terminan embargados por la AFIP debido a la desprolijidad fiscal del no-residente. De ah\u00ed que los contadores le huyen a cumplir esta funci\u00f3n (lo hacemos nosotros).<\/p>\n<p>Por \u00faltimo, est\u00e1n los que nunca decidieron darse de baja como contribuyentes en Argentina, mientras que al mismo tiempo son contribuyentes en su pa\u00eds de residencia. \u201cGran problema&#8230; gran\u201d es el que se arma cuando ambos fiscos cruzan informaci\u00f3n.<\/p>\n<p>Quiz\u00e1s esta desprolijidad fiscal se deba a la necesidad de cerrar un ciclo y empezar otro. Ese cambio tan importante hace que uno quiera dejar atr\u00e1s lo vivido para focalizarse en lo nuevo.<\/p>\n<p>Es l\u00f3gico y necesario. Pero tambi\u00e9n lo es cerrar el ciclo sin generar contingencias tributarias, costos financieros y enorme stress cuando te enteras del problema. Por eso, nada mejor que cerrar bien tu pasado. Y as\u00ed vivir mejor el futuro.<\/p>\n<blockquote><p><span style=\"color: #2c2b7d;\"><a style=\"color: #2c2b7d;\" href=\"https:\/\/www.fdinternational.com\/dev\/argentinos-expatriados\/\" target=\"_blank\" rel=\"noopener\"><strong>Consult\u00e1 por nuestro servicio de Argentinos Expatriados<\/strong><\/a><\/span><\/p>\n<p><span style=\"color: #2c2b7d;\"><a style=\"color: #2c2b7d;\" href=\"https:\/\/www.fdinternational.com\/dev\/argentinos-en-estados-unidos\/\" target=\"_blank\" rel=\"noopener\"><strong>Consult\u00e1 por nuestro servicio de Argentinos en Estados Unidos<\/strong><\/a><\/span><\/p><\/blockquote>\n<\/div>\n<p><strong>Mariano Sard\u00e1ns<br \/>\nCEO de FDI<br \/>\nGerenciadora de Patrimonios<\/strong><\/p>\n<p><span style=\"color: #2c2b7d;\"><strong><em>FDI\u202fgerencia\u202fpatrimonios\u202fy\u202fbrinda\u202fsoluciones que permiten\u202feficientizar\u202fy proteger los bienes de sus clientes.\u202fSe encarga\u202fdesde la instrumentaci\u00f3n de las plataformas que necesitan sus clientes para manejar sus saldos transitorios, hasta\u202fla\u202fejecuci\u00f3n\u202fde sus inversiones, pasando por la planificaci\u00f3n financiera, tributaria, sucesoria\u202fy\u202fla estructuraci\u00f3n de los veh\u00edculos legales para proteger sus bienes.\u00a0<\/em><\/strong><\/span><\/p>\n","protected":false},"excerpt":{"rendered":"<p>Una caracter\u00edstica que observamos en los argentinos que viven en el exterior, es la desprolijidad &#8220;fiscal&#8221; que dejan en Argentina.<\/p>\n","protected":false},"author":1,"featured_media":6158,"comment_status":"closed","ping_status":"open","sticky":false,"template":"","format":"standard","meta":{"footnotes":""},"categories":[1],"tags":[],"yoast_head":"<!-- This site is optimized with the Yoast SEO plugin v17.1 - https:\/\/yoast.com\/wordpress\/plugins\/seo\/ -->\n<title>La AFIP y los argentinos que viven en el exterior - FDI<\/title>\n<meta name=\"description\" content=\"Una caracter\u00edstica que observamos en los argentinos que viven en el exterior, es la desprolijidad &quot;fiscal&quot; que dejan en Argentina.\" \/>\n<meta name=\"robots\" content=\"index, follow, max-snippet:-1, max-image-preview:large, max-video-preview:-1\" \/>\n<link rel=\"canonical\" href=\"https:\/\/www.fdinternational.com\/dev\/newsletter\/la-afip-y-los-argentinos-que-viven-en-el-exterior\/\" \/>\n<meta property=\"og:locale\" content=\"es_ES\" \/>\n<meta property=\"og:type\" content=\"article\" \/>\n<meta property=\"og:title\" content=\"La AFIP y los argentinos que viven en el exterior - FDI\" \/>\n<meta property=\"og:description\" content=\"Una caracter\u00edstica que observamos en los argentinos que viven en el exterior, es la desprolijidad &quot;fiscal&quot; que dejan en Argentina.\" \/>\n<meta property=\"og:url\" content=\"https:\/\/www.fdinternational.com\/dev\/newsletter\/la-afip-y-los-argentinos-que-viven-en-el-exterior\/\" \/>\n<meta property=\"og:site_name\" content=\"FDI - Gerenciadora de Patrimonios\" \/>\n<meta property=\"article:published_time\" content=\"2020-08-03T12:49:04+00:00\" \/>\n<meta property=\"article:modified_time\" content=\"2024-07-10T19:01:12+00:00\" \/>\n<meta property=\"og:image\" content=\"https:\/\/www.fdinternational.com\/dev\/wp-content\/uploads\/2020\/08\/FDI-afip-web.jpg\" \/>\n\t<meta property=\"og:image:width\" content=\"800\" \/>\n\t<meta property=\"og:image:height\" content=\"491\" \/>\n<meta name=\"twitter:card\" content=\"summary\" \/>\n<meta name=\"twitter:label1\" content=\"Escrito por\" \/>\n\t<meta name=\"twitter:data1\" content=\"adminfd\" \/>\n\t<meta name=\"twitter:label2\" content=\"Tiempo de lectura\" \/>\n\t<meta name=\"twitter:data2\" content=\"2 minutos\" \/>\n<script type=\"application\/ld+json\" class=\"yoast-schema-graph\">{\"@context\":\"https:\/\/schema.org\",\"@graph\":[{\"@type\":\"WebSite\",\"@id\":\"https:\/\/www.fdinternational.com\/dev\/#website\",\"url\":\"https:\/\/www.fdinternational.com\/dev\/\",\"name\":\"FDI - Gerenciadora de Patrimonios\",\"description\":\"Gerenciamiento de Patrimonios Personales, Familiares e Institucionales\",\"potentialAction\":[{\"@type\":\"SearchAction\",\"target\":{\"@type\":\"EntryPoint\",\"urlTemplate\":\"https:\/\/www.fdinternational.com\/dev\/?s={search_term_string}\"},\"query-input\":\"required name=search_term_string\"}],\"inLanguage\":\"es-AR\"},{\"@type\":\"ImageObject\",\"@id\":\"https:\/\/www.fdinternational.com\/dev\/newsletter\/la-afip-y-los-argentinos-que-viven-en-el-exterior\/#primaryimage\",\"inLanguage\":\"es-AR\",\"url\":\"https:\/\/www.fdinternational.com\/dev\/wp-content\/uploads\/2020\/08\/FDI-afip-web.jpg\",\"contentUrl\":\"https:\/\/www.fdinternational.com\/dev\/wp-content\/uploads\/2020\/08\/FDI-afip-web.jpg\",\"width\":800,\"height\":491,\"caption\":\"argentinos en el exterior\"},{\"@type\":\"WebPage\",\"@id\":\"https:\/\/www.fdinternational.com\/dev\/newsletter\/la-afip-y-los-argentinos-que-viven-en-el-exterior\/#webpage\",\"url\":\"https:\/\/www.fdinternational.com\/dev\/newsletter\/la-afip-y-los-argentinos-que-viven-en-el-exterior\/\",\"name\":\"La AFIP y los argentinos que viven en el exterior - FDI\",\"isPartOf\":{\"@id\":\"https:\/\/www.fdinternational.com\/dev\/#website\"},\"primaryImageOfPage\":{\"@id\":\"https:\/\/www.fdinternational.com\/dev\/newsletter\/la-afip-y-los-argentinos-que-viven-en-el-exterior\/#primaryimage\"},\"datePublished\":\"2020-08-03T12:49:04+00:00\",\"dateModified\":\"2024-07-10T19:01:12+00:00\",\"author\":{\"@id\":\"https:\/\/www.fdinternational.com\/dev\/#\/schema\/person\/1806c8af621ad3c7d5aface04a602c4f\"},\"description\":\"Una caracter\\u00edstica que observamos en los argentinos que viven en el exterior, es la desprolijidad \\\"fiscal\\\" que dejan en Argentina.\",\"breadcrumb\":{\"@id\":\"https:\/\/www.fdinternational.com\/dev\/newsletter\/la-afip-y-los-argentinos-que-viven-en-el-exterior\/#breadcrumb\"},\"inLanguage\":\"es-AR\",\"potentialAction\":[{\"@type\":\"ReadAction\",\"target\":[\"https:\/\/www.fdinternational.com\/dev\/newsletter\/la-afip-y-los-argentinos-que-viven-en-el-exterior\/\"]}]},{\"@type\":\"BreadcrumbList\",\"@id\":\"https:\/\/www.fdinternational.com\/dev\/newsletter\/la-afip-y-los-argentinos-que-viven-en-el-exterior\/#breadcrumb\",\"itemListElement\":[{\"@type\":\"ListItem\",\"position\":1,\"name\":\"La AFIP y los argentinos que viven en el exterior\"}]},{\"@type\":\"Person\",\"@id\":\"https:\/\/www.fdinternational.com\/dev\/#\/schema\/person\/1806c8af621ad3c7d5aface04a602c4f\",\"name\":\"adminfd\",\"image\":{\"@type\":\"ImageObject\",\"@id\":\"https:\/\/www.fdinternational.com\/dev\/#personlogo\",\"inLanguage\":\"es-AR\",\"url\":\"https:\/\/secure.gravatar.com\/avatar\/b3cd6d7f1cf8440ac9693c61b01d4f91?s=96&d=mm&r=g\",\"contentUrl\":\"https:\/\/secure.gravatar.com\/avatar\/b3cd6d7f1cf8440ac9693c61b01d4f91?s=96&d=mm&r=g\",\"caption\":\"adminfd\"},\"url\":\"https:\/\/www.fdinternational.com\/dev\/author\/adminfd\/\"}]}<\/script>\n<!-- \/ Yoast SEO plugin. -->","yoast_head_json":{"title":"La AFIP y los argentinos que viven en el exterior - FDI","description":"Una caracter\u00edstica que observamos en los argentinos que viven en el exterior, es la desprolijidad \"fiscal\" que dejan en Argentina.","robots":{"index":"index","follow":"follow","max-snippet":"max-snippet:-1","max-image-preview":"max-image-preview:large","max-video-preview":"max-video-preview:-1"},"canonical":"https:\/\/www.fdinternational.com\/dev\/newsletter\/la-afip-y-los-argentinos-que-viven-en-el-exterior\/","og_locale":"es_ES","og_type":"article","og_title":"La AFIP y los argentinos que viven en el exterior - FDI","og_description":"Una caracter\u00edstica que observamos en los argentinos que viven en el exterior, es la desprolijidad \"fiscal\" que dejan en Argentina.","og_url":"https:\/\/www.fdinternational.com\/dev\/newsletter\/la-afip-y-los-argentinos-que-viven-en-el-exterior\/","og_site_name":"FDI - Gerenciadora de Patrimonios","article_published_time":"2020-08-03T12:49:04+00:00","article_modified_time":"2024-07-10T19:01:12+00:00","og_image":[{"width":800,"height":491,"url":"https:\/\/www.fdinternational.com\/dev\/wp-content\/uploads\/2020\/08\/FDI-afip-web.jpg","path":"\/home\/fdintern\/public_html\/dev\/wp-content\/uploads\/2020\/08\/FDI-afip-web.jpg","size":"full","id":6158,"alt":"argentinos en el exterior","pixels":392800,"type":"image\/jpeg"}],"twitter_card":"summary","twitter_misc":{"Escrito por":"adminfd","Tiempo de lectura":"2 minutos"},"schema":{"@context":"https:\/\/schema.org","@graph":[{"@type":"WebSite","@id":"https:\/\/www.fdinternational.com\/dev\/#website","url":"https:\/\/www.fdinternational.com\/dev\/","name":"FDI - Gerenciadora de Patrimonios","description":"Gerenciamiento de Patrimonios Personales, Familiares e Institucionales","potentialAction":[{"@type":"SearchAction","target":{"@type":"EntryPoint","urlTemplate":"https:\/\/www.fdinternational.com\/dev\/?s={search_term_string}"},"query-input":"required name=search_term_string"}],"inLanguage":"es-AR"},{"@type":"ImageObject","@id":"https:\/\/www.fdinternational.com\/dev\/newsletter\/la-afip-y-los-argentinos-que-viven-en-el-exterior\/#primaryimage","inLanguage":"es-AR","url":"https:\/\/www.fdinternational.com\/dev\/wp-content\/uploads\/2020\/08\/FDI-afip-web.jpg","contentUrl":"https:\/\/www.fdinternational.com\/dev\/wp-content\/uploads\/2020\/08\/FDI-afip-web.jpg","width":800,"height":491,"caption":"argentinos en el exterior"},{"@type":"WebPage","@id":"https:\/\/www.fdinternational.com\/dev\/newsletter\/la-afip-y-los-argentinos-que-viven-en-el-exterior\/#webpage","url":"https:\/\/www.fdinternational.com\/dev\/newsletter\/la-afip-y-los-argentinos-que-viven-en-el-exterior\/","name":"La AFIP y los argentinos que viven en el exterior - FDI","isPartOf":{"@id":"https:\/\/www.fdinternational.com\/dev\/#website"},"primaryImageOfPage":{"@id":"https:\/\/www.fdinternational.com\/dev\/newsletter\/la-afip-y-los-argentinos-que-viven-en-el-exterior\/#primaryimage"},"datePublished":"2020-08-03T12:49:04+00:00","dateModified":"2024-07-10T19:01:12+00:00","author":{"@id":"https:\/\/www.fdinternational.com\/dev\/#\/schema\/person\/1806c8af621ad3c7d5aface04a602c4f"},"description":"Una caracter\u00edstica que observamos en los argentinos que viven en el exterior, es la desprolijidad \"fiscal\" que dejan en Argentina.","breadcrumb":{"@id":"https:\/\/www.fdinternational.com\/dev\/newsletter\/la-afip-y-los-argentinos-que-viven-en-el-exterior\/#breadcrumb"},"inLanguage":"es-AR","potentialAction":[{"@type":"ReadAction","target":["https:\/\/www.fdinternational.com\/dev\/newsletter\/la-afip-y-los-argentinos-que-viven-en-el-exterior\/"]}]},{"@type":"BreadcrumbList","@id":"https:\/\/www.fdinternational.com\/dev\/newsletter\/la-afip-y-los-argentinos-que-viven-en-el-exterior\/#breadcrumb","itemListElement":[{"@type":"ListItem","position":1,"name":"La AFIP y los argentinos que viven en el exterior"}]},{"@type":"Person","@id":"https:\/\/www.fdinternational.com\/dev\/#\/schema\/person\/1806c8af621ad3c7d5aface04a602c4f","name":"adminfd","image":{"@type":"ImageObject","@id":"https:\/\/www.fdinternational.com\/dev\/#personlogo","inLanguage":"es-AR","url":"https:\/\/secure.gravatar.com\/avatar\/b3cd6d7f1cf8440ac9693c61b01d4f91?s=96&d=mm&r=g","contentUrl":"https:\/\/secure.gravatar.com\/avatar\/b3cd6d7f1cf8440ac9693c61b01d4f91?s=96&d=mm&r=g","caption":"adminfd"},"url":"https:\/\/www.fdinternational.com\/dev\/author\/adminfd\/"}]}},"_links":{"self":[{"href":"https:\/\/www.fdinternational.com\/dev\/wp-json\/wp\/v2\/posts\/6157"}],"collection":[{"href":"https:\/\/www.fdinternational.com\/dev\/wp-json\/wp\/v2\/posts"}],"about":[{"href":"https:\/\/www.fdinternational.com\/dev\/wp-json\/wp\/v2\/types\/post"}],"author":[{"embeddable":true,"href":"https:\/\/www.fdinternational.com\/dev\/wp-json\/wp\/v2\/users\/1"}],"replies":[{"embeddable":true,"href":"https:\/\/www.fdinternational.com\/dev\/wp-json\/wp\/v2\/comments?post=6157"}],"version-history":[{"count":1,"href":"https:\/\/www.fdinternational.com\/dev\/wp-json\/wp\/v2\/posts\/6157\/revisions"}],"predecessor-version":[{"id":8857,"href":"https:\/\/www.fdinternational.com\/dev\/wp-json\/wp\/v2\/posts\/6157\/revisions\/8857"}],"wp:featuredmedia":[{"embeddable":true,"href":"https:\/\/www.fdinternational.com\/dev\/wp-json\/wp\/v2\/media\/6158"}],"wp:attachment":[{"href":"https:\/\/www.fdinternational.com\/dev\/wp-json\/wp\/v2\/media?parent=6157"}],"wp:term":[{"taxonomy":"category","embeddable":true,"href":"https:\/\/www.fdinternational.com\/dev\/wp-json\/wp\/v2\/categories?post=6157"},{"taxonomy":"post_tag","embeddable":true,"href":"https:\/\/www.fdinternational.com\/dev\/wp-json\/wp\/v2\/tags?post=6157"}],"curies":[{"name":"wp","href":"https:\/\/api.w.org\/{rel}","templated":true}]}}