{"id":8708,"date":"2024-06-11T11:28:59","date_gmt":"2024-06-11T14:28:59","guid":{"rendered":"https:\/\/www.fdinternational.com\/dev\/?p=8708"},"modified":"2024-06-18T15:46:02","modified_gmt":"2024-06-18T18:46:02","slug":"entrevista-a-mariano-sardans-en-canal-e-2","status":"publish","type":"post","link":"https:\/\/www.fdinternational.com\/dev\/fdi-en-los-medios\/entrevista-a-mariano-sardans-en-canal-e-2\/","title":{"rendered":"Entrevista a Mariano Sard\u00e1ns en Canal E."},"content":{"rendered":"<p class=\"itemTitle\"><em><strong>Fecha<\/strong>: 10 de junio, 2024<\/em><\/p>\n<h2 class=\"itemTitle\"><span style=\"color: #2c2b7d;\">Entrevista a Mariano Sard\u00e1ns en Canal E.<\/span><\/h2>\n<div>\n<p>Entrevista a Mariano Sard\u00e1ns en Canal Econ\u00f3mico conducido por Liliana Zacar\u00edas.<\/p>\n<p><iframe loading=\"lazy\" title=\"Entrevista a Mariano Sard\u00e1ns en Canal Econ\u00f3mico conducido por Liliana Zacar\u00edas.\" width=\"1140\" height=\"641\" src=\"https:\/\/www.youtube.com\/embed\/AAlTGDM83wg?feature=oembed\" frameborder=\"0\" allow=\"accelerometer; autoplay; clipboard-write; encrypted-media; gyroscope; picture-in-picture; web-share\" referrerpolicy=\"strict-origin-when-cross-origin\" allowfullscreen><\/iframe><\/p>\n<article class=\"article-body article-body--third-paragraph content-protected-false\"><\/article>\n<article class=\"article-body article-body--remaining-paragraph content-protected-false\"><\/article>\n<\/div>\n\n\n<p><\/p>\n","protected":false},"excerpt":{"rendered":"<p>Entrevista a Mariano Sard\u00e1ns en Canal Econ\u00f3mico conducido por Liliana Zacar\u00edas.<\/p>\n","protected":false},"author":2,"featured_media":8709,"comment_status":"closed","ping_status":"open","sticky":false,"template":"","format":"standard","meta":{"footnotes":""},"categories":[16],"tags":[],"yoast_head":"<!-- This site is optimized with the Yoast SEO plugin v17.1 - https:\/\/yoast.com\/wordpress\/plugins\/seo\/ -->\n<title>Entrevista a Mariano Sard\u00e1ns en Canal E. - FDI - Gerenciadora de Patrimonios<\/title>\n<meta name=\"description\" content=\"Entrevista a Mariano Sard\u00e1ns en Canal Econ\u00f3mico conducido por Liliana Zacar\u00edas.\" \/>\n<meta name=\"robots\" content=\"index, follow, max-snippet:-1, max-image-preview:large, max-video-preview:-1\" \/>\n<link rel=\"canonical\" href=\"https:\/\/www.fdinternational.com\/dev\/fdi-en-los-medios\/entrevista-a-mariano-sardans-en-canal-e-2\/\" \/>\n<meta property=\"og:locale\" content=\"es_ES\" \/>\n<meta property=\"og:type\" content=\"article\" \/>\n<meta property=\"og:title\" content=\"Entrevista a Mariano Sard\u00e1ns en Canal E. - FDI - Gerenciadora de Patrimonios\" \/>\n<meta property=\"og:description\" content=\"Entrevista a Mariano Sard\u00e1ns en Canal Econ\u00f3mico conducido por Liliana Zacar\u00edas.\" \/>\n<meta property=\"og:url\" content=\"https:\/\/www.fdinternational.com\/dev\/fdi-en-los-medios\/entrevista-a-mariano-sardans-en-canal-e-2\/\" \/>\n<meta property=\"og:site_name\" content=\"FDI - Gerenciadora de Patrimonios\" \/>\n<meta property=\"article:published_time\" content=\"2024-06-11T14:28:59+00:00\" \/>\n<meta property=\"article:modified_time\" content=\"2024-06-18T18:46:02+00:00\" \/>\n<meta property=\"og:image\" content=\"https:\/\/www.fdinternational.com\/dev\/wp-content\/uploads\/2024\/06\/image001-9.png\" \/>\n\t<meta property=\"og:image:width\" content=\"828\" \/>\n\t<meta property=\"og:image:height\" content=\"454\" \/>\n<meta name=\"twitter:card\" content=\"summary\" \/>\n<meta name=\"twitter:label1\" content=\"Escrito por\" \/>\n\t<meta name=\"twitter:data1\" content=\"LUPA Marketing Solutions\" \/>\n\t<meta name=\"twitter:label2\" content=\"Tiempo de lectura\" \/>\n\t<meta name=\"twitter:data2\" content=\"7 minutos\" \/>\n<script type=\"application\/ld+json\" class=\"yoast-schema-graph\">{\"@context\":\"https:\/\/schema.org\",\"@graph\":[{\"@type\":\"WebSite\",\"@id\":\"https:\/\/www.fdinternational.com\/dev\/#website\",\"url\":\"https:\/\/www.fdinternational.com\/dev\/\",\"name\":\"FDI - Gerenciadora de Patrimonios\",\"description\":\"Gerenciamiento de Patrimonios Personales, Familiares e Institucionales\",\"potentialAction\":[{\"@type\":\"SearchAction\",\"target\":{\"@type\":\"EntryPoint\",\"urlTemplate\":\"https:\/\/www.fdinternational.com\/dev\/?s={search_term_string}\"},\"query-input\":\"required name=search_term_string\"}],\"inLanguage\":\"es-AR\"},{\"@type\":\"ImageObject\",\"@id\":\"https:\/\/www.fdinternational.com\/dev\/fdi-en-los-medios\/entrevista-a-mariano-sardans-en-canal-e-2\/#primaryimage\",\"inLanguage\":\"es-AR\",\"url\":\"https:\/\/www.fdinternational.com\/dev\/wp-content\/uploads\/2024\/06\/image001-9.png\",\"contentUrl\":\"https:\/\/www.fdinternational.com\/dev\/wp-content\/uploads\/2024\/06\/image001-9.png\",\"width\":828,\"height\":454},{\"@type\":\"WebPage\",\"@id\":\"https:\/\/www.fdinternational.com\/dev\/fdi-en-los-medios\/entrevista-a-mariano-sardans-en-canal-e-2\/#webpage\",\"url\":\"https:\/\/www.fdinternational.com\/dev\/fdi-en-los-medios\/entrevista-a-mariano-sardans-en-canal-e-2\/\",\"name\":\"Entrevista a Mariano Sard\\u00e1ns en Canal E. - FDI - Gerenciadora de Patrimonios\",\"isPartOf\":{\"@id\":\"https:\/\/www.fdinternational.com\/dev\/#website\"},\"primaryImageOfPage\":{\"@id\":\"https:\/\/www.fdinternational.com\/dev\/fdi-en-los-medios\/entrevista-a-mariano-sardans-en-canal-e-2\/#primaryimage\"},\"datePublished\":\"2024-06-11T14:28:59+00:00\",\"dateModified\":\"2024-06-18T18:46:02+00:00\",\"author\":{\"@id\":\"https:\/\/www.fdinternational.com\/dev\/#\/schema\/person\/4c21fed0b59f2485d83fa7a805108080\"},\"description\":\"Entrevista a Mariano Sard\\u00e1ns en Canal Econ\\u00f3mico conducido por Liliana Zacar\\u00edas.\",\"breadcrumb\":{\"@id\":\"https:\/\/www.fdinternational.com\/dev\/fdi-en-los-medios\/entrevista-a-mariano-sardans-en-canal-e-2\/#breadcrumb\"},\"inLanguage\":\"es-AR\",\"potentialAction\":[{\"@type\":\"ReadAction\",\"target\":[\"https:\/\/www.fdinternational.com\/dev\/fdi-en-los-medios\/entrevista-a-mariano-sardans-en-canal-e-2\/\"]}]},{\"@type\":\"BreadcrumbList\",\"@id\":\"https:\/\/www.fdinternational.com\/dev\/fdi-en-los-medios\/entrevista-a-mariano-sardans-en-canal-e-2\/#breadcrumb\",\"itemListElement\":[{\"@type\":\"ListItem\",\"position\":1,\"name\":\"Entrevista a Mariano Sard\\u00e1ns en Canal E.\"}]},{\"@type\":\"Person\",\"@id\":\"https:\/\/www.fdinternational.com\/dev\/#\/schema\/person\/4c21fed0b59f2485d83fa7a805108080\",\"name\":\"LUPA Marketing Solutions\",\"image\":{\"@type\":\"ImageObject\",\"@id\":\"https:\/\/www.fdinternational.com\/dev\/#personlogo\",\"inLanguage\":\"es-AR\",\"url\":\"https:\/\/secure.gravatar.com\/avatar\/bfa97f86d022e5a1e1b109c10e723b29?s=96&d=mm&r=g\",\"contentUrl\":\"https:\/\/secure.gravatar.com\/avatar\/bfa97f86d022e5a1e1b109c10e723b29?s=96&d=mm&r=g\",\"caption\":\"LUPA Marketing Solutions\"},\"url\":\"https:\/\/www.fdinternational.com\/dev\/author\/lupamarketing\/\"}]}<\/script>\n<!-- \/ Yoast SEO plugin. -->","yoast_head_json":{"title":"Entrevista a Mariano Sard\u00e1ns en Canal E. - FDI - Gerenciadora de Patrimonios","description":"Entrevista a Mariano Sard\u00e1ns en Canal Econ\u00f3mico conducido por Liliana Zacar\u00edas.","robots":{"index":"index","follow":"follow","max-snippet":"max-snippet:-1","max-image-preview":"max-image-preview:large","max-video-preview":"max-video-preview:-1"},"canonical":"https:\/\/www.fdinternational.com\/dev\/fdi-en-los-medios\/entrevista-a-mariano-sardans-en-canal-e-2\/","og_locale":"es_ES","og_type":"article","og_title":"Entrevista a Mariano Sard\u00e1ns en Canal E. - FDI - Gerenciadora de Patrimonios","og_description":"Entrevista a Mariano Sard\u00e1ns en Canal Econ\u00f3mico conducido por Liliana Zacar\u00edas.","og_url":"https:\/\/www.fdinternational.com\/dev\/fdi-en-los-medios\/entrevista-a-mariano-sardans-en-canal-e-2\/","og_site_name":"FDI - Gerenciadora de Patrimonios","article_published_time":"2024-06-11T14:28:59+00:00","article_modified_time":"2024-06-18T18:46:02+00:00","og_image":[{"width":828,"height":454,"filesize":418771,"url":"https:\/\/www.fdinternational.com\/dev\/wp-content\/uploads\/2024\/06\/image001-9.png","path":"\/home\/fdintern\/public_html\/dev\/wp-content\/uploads\/2024\/06\/image001-9.png","size":"full","id":8709,"alt":"","pixels":375912,"type":"image\/png"}],"twitter_card":"summary","twitter_misc":{"Escrito por":"LUPA Marketing Solutions","Tiempo de lectura":"7 minutos"},"schema":{"@context":"https:\/\/schema.org","@graph":[{"@type":"WebSite","@id":"https:\/\/www.fdinternational.com\/dev\/#website","url":"https:\/\/www.fdinternational.com\/dev\/","name":"FDI - Gerenciadora de Patrimonios","description":"Gerenciamiento de Patrimonios Personales, Familiares e Institucionales","potentialAction":[{"@type":"SearchAction","target":{"@type":"EntryPoint","urlTemplate":"https:\/\/www.fdinternational.com\/dev\/?s={search_term_string}"},"query-input":"required name=search_term_string"}],"inLanguage":"es-AR"},{"@type":"ImageObject","@id":"https:\/\/www.fdinternational.com\/dev\/fdi-en-los-medios\/entrevista-a-mariano-sardans-en-canal-e-2\/#primaryimage","inLanguage":"es-AR","url":"https:\/\/www.fdinternational.com\/dev\/wp-content\/uploads\/2024\/06\/image001-9.png","contentUrl":"https:\/\/www.fdinternational.com\/dev\/wp-content\/uploads\/2024\/06\/image001-9.png","width":828,"height":454},{"@type":"WebPage","@id":"https:\/\/www.fdinternational.com\/dev\/fdi-en-los-medios\/entrevista-a-mariano-sardans-en-canal-e-2\/#webpage","url":"https:\/\/www.fdinternational.com\/dev\/fdi-en-los-medios\/entrevista-a-mariano-sardans-en-canal-e-2\/","name":"Entrevista a Mariano Sard\u00e1ns en Canal E. - FDI - Gerenciadora de Patrimonios","isPartOf":{"@id":"https:\/\/www.fdinternational.com\/dev\/#website"},"primaryImageOfPage":{"@id":"https:\/\/www.fdinternational.com\/dev\/fdi-en-los-medios\/entrevista-a-mariano-sardans-en-canal-e-2\/#primaryimage"},"datePublished":"2024-06-11T14:28:59+00:00","dateModified":"2024-06-18T18:46:02+00:00","author":{"@id":"https:\/\/www.fdinternational.com\/dev\/#\/schema\/person\/4c21fed0b59f2485d83fa7a805108080"},"description":"Entrevista a Mariano Sard\u00e1ns en Canal Econ\u00f3mico conducido por Liliana Zacar\u00edas.","breadcrumb":{"@id":"https:\/\/www.fdinternational.com\/dev\/fdi-en-los-medios\/entrevista-a-mariano-sardans-en-canal-e-2\/#breadcrumb"},"inLanguage":"es-AR","potentialAction":[{"@type":"ReadAction","target":["https:\/\/www.fdinternational.com\/dev\/fdi-en-los-medios\/entrevista-a-mariano-sardans-en-canal-e-2\/"]}]},{"@type":"BreadcrumbList","@id":"https:\/\/www.fdinternational.com\/dev\/fdi-en-los-medios\/entrevista-a-mariano-sardans-en-canal-e-2\/#breadcrumb","itemListElement":[{"@type":"ListItem","position":1,"name":"Entrevista a Mariano Sard\u00e1ns en Canal E."}]},{"@type":"Person","@id":"https:\/\/www.fdinternational.com\/dev\/#\/schema\/person\/4c21fed0b59f2485d83fa7a805108080","name":"LUPA Marketing Solutions","image":{"@type":"ImageObject","@id":"https:\/\/www.fdinternational.com\/dev\/#personlogo","inLanguage":"es-AR","url":"https:\/\/secure.gravatar.com\/avatar\/bfa97f86d022e5a1e1b109c10e723b29?s=96&d=mm&r=g","contentUrl":"https:\/\/secure.gravatar.com\/avatar\/bfa97f86d022e5a1e1b109c10e723b29?s=96&d=mm&r=g","caption":"LUPA Marketing Solutions"},"url":"https:\/\/www.fdinternational.com\/dev\/author\/lupamarketing\/"}]}},"_links":{"self":[{"href":"https:\/\/www.fdinternational.com\/dev\/wp-json\/wp\/v2\/posts\/8708"}],"collection":[{"href":"https:\/\/www.fdinternational.com\/dev\/wp-json\/wp\/v2\/posts"}],"about":[{"href":"https:\/\/www.fdinternational.com\/dev\/wp-json\/wp\/v2\/types\/post"}],"author":[{"embeddable":true,"href":"https:\/\/www.fdinternational.com\/dev\/wp-json\/wp\/v2\/users\/2"}],"replies":[{"embeddable":true,"href":"https:\/\/www.fdinternational.com\/dev\/wp-json\/wp\/v2\/comments?post=8708"}],"version-history":[{"count":4,"href":"https:\/\/www.fdinternational.com\/dev\/wp-json\/wp\/v2\/posts\/8708\/revisions"}],"predecessor-version":[{"id":8729,"href":"https:\/\/www.fdinternational.com\/dev\/wp-json\/wp\/v2\/posts\/8708\/revisions\/8729"}],"wp:featuredmedia":[{"embeddable":true,"href":"https:\/\/www.fdinternational.com\/dev\/wp-json\/wp\/v2\/media\/8709"}],"wp:attachment":[{"href":"https:\/\/www.fdinternational.com\/dev\/wp-json\/wp\/v2\/media?parent=8708"}],"wp:term":[{"taxonomy":"category","embeddable":true,"href":"https:\/\/www.fdinternational.com\/dev\/wp-json\/wp\/v2\/categories?post=8708"},{"taxonomy":"post_tag","embeddable":true,"href":"https:\/\/www.fdinternational.com\/dev\/wp-json\/wp\/v2\/tags?post=8708"}],"curies":[{"name":"wp","href":"https:\/\/api.w.org\/{rel}","templated":true}]}}