{"id":8753,"date":"2024-06-10T15:46:00","date_gmt":"2024-06-10T18:46:00","guid":{"rendered":"https:\/\/www.fdinternational.com\/dev\/?p=8753"},"modified":"2024-06-18T15:50:56","modified_gmt":"2024-06-18T18:50:56","slug":"el-financiero-mexico-plazas-y-moneda-europeas-retroceden","status":"publish","type":"post","link":"https:\/\/www.fdinternational.com\/dev\/fdi-en-los-medios\/el-financiero-mexico-plazas-y-moneda-europeas-retroceden\/","title":{"rendered":"EL FINANCIERO &#8211; M\u00c9XICO: Plazas y moneda europeas retroceden."},"content":{"rendered":"<p class=\"itemTitle\"><em><strong>Fecha<\/strong>: 10 de junio, 2024<\/em><\/p>\n<h2 class=\"itemTitle\"><span style=\"color: #2c2b7d;\">EL FINANCIERO &#8211; M\u00c9XICO: Plazas y moneda europeas retroceden.<\/span><\/h2>\n<div>\n<p>Luego de que el fin de semana los partidos de extrema derecha obtuvieron un n\u00famero r\u00e9cord en el Parlamento Europeo, los \u00edndices accionarios de la regi\u00f3n terminaron la primera jornada burs\u00e1til de las semana en terreno de p\u00e9rdidas, as\u00ed como la moneda de la regi\u00f3n.<\/p>\n<p>El \u00edndice CAC-40, de la bolsa de Francia, fue de los m\u00e1s castigados en la regi\u00f3n, al caer 1.35 por ciento; el IBEX 35 de Espa\u00f1a se contrajo 0.42 por ciento; el DAX en Alemania rest\u00f3 0.34 por ciento yel FTSE MIB de Italia retrocedi\u00f3 0.34 por ciento.<\/p>\n<p>Por su parte, el euro retrocedi\u00f3 1.3 por ciento frente al d\u00f3lar, y se ubic\u00f3 en 1.0756 unidades, su menor nivel en poco m\u00e1s de un mes,seg\u00fan datos del banco central.<\/p>\n<p>Mariano Sard\u00e1ns, CEO y fundador de la Gerenciadora de Patrimonios FDI, detall\u00f3 que, \u201c<em>lo <\/em><em>que el mercado reacciona es a una derecha que en teor\u00eda era fascista, es una derecha que no est\u00e1 de acuerdo con la agenda 2030, no est\u00e1 de acuerdo con la inmigraci\u00f3n discriminada, pone m\u00e1s exigencia a los pa\u00edses perif\u00e9ricos, las ca\u00eddas en los mercados europeos tienen que ver con el ruido a una posible desuni\u00f3n de vuelta a la Uni\u00f3n Europea<\/em>&#8220;.<\/p>\n<p>Carlos Hermosillo, asesor de inversiones independiente, consider\u00f3 que, m\u00e1s que el avance de la extrema derecha, los inversionistas ven un escenario incierto hacia delante, sobre todo en Francia, que ha llamado a elecciones anticipadas, y por ello se tornan m\u00e1s cautos.<\/p>\n<p>Bajo su perspectiva, es probable que las ca\u00eddas no se extiendan mucho, ya que durante la jornada se atenu\u00f3 el efecto, aunque puntualiz\u00f3 que nueva informaci\u00f3n podr\u00e1 mover el panorama.<\/p>\n<p><a href=\"https:\/\/www.fdinternational.com\/dev\/wp-content\/uploads\/2024\/06\/Imagen-de-WhatsApp-2024-06-11-a-las-11.35.02_bd4524d2.jpg\" target=\"_blank\" rel=\"noopener\">Descarg\u00e1 la nota impresa ac\u00e1<\/a><\/p>\n<p><strong style=\"font-size: inherit;\">Fuente: El Financiero<\/strong><\/p>\n<article class=\"article-body article-body--third-paragraph content-protected-false\"><\/article>\n<article class=\"article-body article-body--remaining-paragraph content-protected-false\"><\/article>\n<\/div>\n\n\n<p><\/p>\n","protected":false},"excerpt":{"rendered":"<p>&#8220;Lo que el mercado reacciona es a una derecha que en teor\u00eda era fascista, es una derecha que no est\u00e1 de acuerdo con la agenda 2030, no est\u00e1 de acuerdo con la inmigraci\u00f3n discriminada, pone m\u00e1s exigencia a los pa\u00edses perif\u00e9ricos, las ca\u00eddas en los mercados europeos tienen que ver con el ruido a una posible desuni\u00f3n de vuelta a la Uni\u00f3n Europea&#8221;.<\/p>\n","protected":false},"author":2,"featured_media":8755,"comment_status":"closed","ping_status":"open","sticky":false,"template":"","format":"standard","meta":{"footnotes":""},"categories":[16],"tags":[],"yoast_head":"<!-- This site is optimized with the Yoast SEO plugin v17.1 - https:\/\/yoast.com\/wordpress\/plugins\/seo\/ -->\n<title>EL FINANCIERO - M\u00c9XICO: Plazas y moneda europeas retroceden. - FDI - Gerenciadora de Patrimonios<\/title>\n<meta name=\"description\" content=\"&quot;Lo que el mercado reacciona es a una derecha que en teor\u00eda era fascista, es una derecha que no est\u00e1 de acuerdo con la agenda 2030, no est\u00e1 de acuerdo con la inmigraci\u00f3n discriminada, pone m\u00e1s exigencia a los pa\u00edses perif\u00e9ricos, las ca\u00eddas en los mercados europeos tienen que ver con el ruido a una posible desuni\u00f3n de vuelta a la Uni\u00f3n Europea&quot;.\" \/>\n<meta name=\"robots\" content=\"index, follow, max-snippet:-1, max-image-preview:large, max-video-preview:-1\" \/>\n<link rel=\"canonical\" href=\"https:\/\/www.fdinternational.com\/dev\/fdi-en-los-medios\/el-financiero-mexico-plazas-y-moneda-europeas-retroceden\/\" \/>\n<meta property=\"og:locale\" content=\"es_ES\" \/>\n<meta property=\"og:type\" content=\"article\" \/>\n<meta property=\"og:title\" content=\"EL FINANCIERO - M\u00c9XICO: Plazas y moneda europeas retroceden. - FDI - Gerenciadora de Patrimonios\" \/>\n<meta property=\"og:description\" content=\"&quot;Lo que el mercado reacciona es a una derecha que en teor\u00eda era fascista, es una derecha que no est\u00e1 de acuerdo con la agenda 2030, no est\u00e1 de acuerdo con la inmigraci\u00f3n discriminada, pone m\u00e1s exigencia a los pa\u00edses perif\u00e9ricos, las ca\u00eddas en los mercados europeos tienen que ver con el ruido a una posible desuni\u00f3n de vuelta a la Uni\u00f3n Europea&quot;.\" \/>\n<meta property=\"og:url\" content=\"https:\/\/www.fdinternational.com\/dev\/fdi-en-los-medios\/el-financiero-mexico-plazas-y-moneda-europeas-retroceden\/\" \/>\n<meta property=\"og:site_name\" content=\"FDI - Gerenciadora de Patrimonios\" \/>\n<meta property=\"article:published_time\" content=\"2024-06-10T18:46:00+00:00\" \/>\n<meta property=\"article:modified_time\" content=\"2024-06-18T18:50:56+00:00\" \/>\n<meta property=\"og:image\" content=\"https:\/\/www.fdinternational.com\/dev\/wp-content\/uploads\/2024\/06\/Imagen-de-WhatsApp-2024-06-11-a-las-11.35.02_bd4524d2-1.jpg\" \/>\n\t<meta property=\"og:image:width\" content=\"415\" \/>\n\t<meta property=\"og:image:height\" content=\"178\" \/>\n<meta name=\"twitter:card\" content=\"summary\" \/>\n<meta name=\"twitter:label1\" content=\"Escrito por\" \/>\n\t<meta name=\"twitter:data1\" content=\"LUPA Marketing Solutions\" \/>\n\t<meta name=\"twitter:label2\" content=\"Tiempo de lectura\" \/>\n\t<meta name=\"twitter:data2\" content=\"7 minutos\" \/>\n<script type=\"application\/ld+json\" class=\"yoast-schema-graph\">{\"@context\":\"https:\/\/schema.org\",\"@graph\":[{\"@type\":\"WebSite\",\"@id\":\"https:\/\/www.fdinternational.com\/dev\/#website\",\"url\":\"https:\/\/www.fdinternational.com\/dev\/\",\"name\":\"FDI - Gerenciadora de Patrimonios\",\"description\":\"Gerenciamiento de Patrimonios Personales, Familiares e Institucionales\",\"potentialAction\":[{\"@type\":\"SearchAction\",\"target\":{\"@type\":\"EntryPoint\",\"urlTemplate\":\"https:\/\/www.fdinternational.com\/dev\/?s={search_term_string}\"},\"query-input\":\"required name=search_term_string\"}],\"inLanguage\":\"es-AR\"},{\"@type\":\"ImageObject\",\"@id\":\"https:\/\/www.fdinternational.com\/dev\/fdi-en-los-medios\/el-financiero-mexico-plazas-y-moneda-europeas-retroceden\/#primaryimage\",\"inLanguage\":\"es-AR\",\"url\":\"https:\/\/www.fdinternational.com\/dev\/wp-content\/uploads\/2024\/06\/Imagen-de-WhatsApp-2024-06-11-a-las-11.35.02_bd4524d2-1.jpg\",\"contentUrl\":\"https:\/\/www.fdinternational.com\/dev\/wp-content\/uploads\/2024\/06\/Imagen-de-WhatsApp-2024-06-11-a-las-11.35.02_bd4524d2-1.jpg\",\"width\":415,\"height\":178},{\"@type\":\"WebPage\",\"@id\":\"https:\/\/www.fdinternational.com\/dev\/fdi-en-los-medios\/el-financiero-mexico-plazas-y-moneda-europeas-retroceden\/#webpage\",\"url\":\"https:\/\/www.fdinternational.com\/dev\/fdi-en-los-medios\/el-financiero-mexico-plazas-y-moneda-europeas-retroceden\/\",\"name\":\"EL FINANCIERO - M\\u00c9XICO: Plazas y moneda europeas retroceden. - FDI - Gerenciadora de Patrimonios\",\"isPartOf\":{\"@id\":\"https:\/\/www.fdinternational.com\/dev\/#website\"},\"primaryImageOfPage\":{\"@id\":\"https:\/\/www.fdinternational.com\/dev\/fdi-en-los-medios\/el-financiero-mexico-plazas-y-moneda-europeas-retroceden\/#primaryimage\"},\"datePublished\":\"2024-06-10T18:46:00+00:00\",\"dateModified\":\"2024-06-18T18:50:56+00:00\",\"author\":{\"@id\":\"https:\/\/www.fdinternational.com\/dev\/#\/schema\/person\/4c21fed0b59f2485d83fa7a805108080\"},\"description\":\"\\\"Lo que el mercado reacciona es a una derecha que en teor\\u00eda era fascista, es una derecha que no est\\u00e1 de acuerdo con la agenda 2030, no est\\u00e1 de acuerdo con la inmigraci\\u00f3n discriminada, pone m\\u00e1s exigencia a los pa\\u00edses perif\\u00e9ricos, las ca\\u00eddas en los mercados europeos tienen que ver con el ruido a una posible desuni\\u00f3n de vuelta a la Uni\\u00f3n Europea\\\".\",\"breadcrumb\":{\"@id\":\"https:\/\/www.fdinternational.com\/dev\/fdi-en-los-medios\/el-financiero-mexico-plazas-y-moneda-europeas-retroceden\/#breadcrumb\"},\"inLanguage\":\"es-AR\",\"potentialAction\":[{\"@type\":\"ReadAction\",\"target\":[\"https:\/\/www.fdinternational.com\/dev\/fdi-en-los-medios\/el-financiero-mexico-plazas-y-moneda-europeas-retroceden\/\"]}]},{\"@type\":\"BreadcrumbList\",\"@id\":\"https:\/\/www.fdinternational.com\/dev\/fdi-en-los-medios\/el-financiero-mexico-plazas-y-moneda-europeas-retroceden\/#breadcrumb\",\"itemListElement\":[{\"@type\":\"ListItem\",\"position\":1,\"name\":\"EL FINANCIERO &#8211; M\\u00c9XICO: Plazas y moneda europeas retroceden.\"}]},{\"@type\":\"Person\",\"@id\":\"https:\/\/www.fdinternational.com\/dev\/#\/schema\/person\/4c21fed0b59f2485d83fa7a805108080\",\"name\":\"LUPA Marketing Solutions\",\"image\":{\"@type\":\"ImageObject\",\"@id\":\"https:\/\/www.fdinternational.com\/dev\/#personlogo\",\"inLanguage\":\"es-AR\",\"url\":\"https:\/\/secure.gravatar.com\/avatar\/bfa97f86d022e5a1e1b109c10e723b29?s=96&d=mm&r=g\",\"contentUrl\":\"https:\/\/secure.gravatar.com\/avatar\/bfa97f86d022e5a1e1b109c10e723b29?s=96&d=mm&r=g\",\"caption\":\"LUPA Marketing Solutions\"},\"url\":\"https:\/\/www.fdinternational.com\/dev\/author\/lupamarketing\/\"}]}<\/script>\n<!-- \/ Yoast SEO plugin. -->","yoast_head_json":{"title":"EL FINANCIERO - M\u00c9XICO: Plazas y moneda europeas retroceden. - FDI - Gerenciadora de Patrimonios","description":"\"Lo que el mercado reacciona es a una derecha que en teor\u00eda era fascista, es una derecha que no est\u00e1 de acuerdo con la agenda 2030, no est\u00e1 de acuerdo con la inmigraci\u00f3n discriminada, pone m\u00e1s exigencia a los pa\u00edses perif\u00e9ricos, las ca\u00eddas en los mercados europeos tienen que ver con el ruido a una posible desuni\u00f3n de vuelta a la Uni\u00f3n Europea\".","robots":{"index":"index","follow":"follow","max-snippet":"max-snippet:-1","max-image-preview":"max-image-preview:large","max-video-preview":"max-video-preview:-1"},"canonical":"https:\/\/www.fdinternational.com\/dev\/fdi-en-los-medios\/el-financiero-mexico-plazas-y-moneda-europeas-retroceden\/","og_locale":"es_ES","og_type":"article","og_title":"EL FINANCIERO - M\u00c9XICO: Plazas y moneda europeas retroceden. - FDI - Gerenciadora de Patrimonios","og_description":"\"Lo que el mercado reacciona es a una derecha que en teor\u00eda era fascista, es una derecha que no est\u00e1 de acuerdo con la agenda 2030, no est\u00e1 de acuerdo con la inmigraci\u00f3n discriminada, pone m\u00e1s exigencia a los pa\u00edses perif\u00e9ricos, las ca\u00eddas en los mercados europeos tienen que ver con el ruido a una posible desuni\u00f3n de vuelta a la Uni\u00f3n Europea\".","og_url":"https:\/\/www.fdinternational.com\/dev\/fdi-en-los-medios\/el-financiero-mexico-plazas-y-moneda-europeas-retroceden\/","og_site_name":"FDI - Gerenciadora de Patrimonios","article_published_time":"2024-06-10T18:46:00+00:00","article_modified_time":"2024-06-18T18:50:56+00:00","og_image":[{"width":415,"height":178,"filesize":22838,"url":"https:\/\/www.fdinternational.com\/dev\/wp-content\/uploads\/2024\/06\/Imagen-de-WhatsApp-2024-06-11-a-las-11.35.02_bd4524d2-1.jpg","path":"\/home\/fdintern\/public_html\/dev\/wp-content\/uploads\/2024\/06\/Imagen-de-WhatsApp-2024-06-11-a-las-11.35.02_bd4524d2-1.jpg","size":"full","id":8755,"alt":"","pixels":73870,"type":"image\/jpeg"}],"twitter_card":"summary","twitter_misc":{"Escrito por":"LUPA Marketing Solutions","Tiempo de lectura":"7 minutos"},"schema":{"@context":"https:\/\/schema.org","@graph":[{"@type":"WebSite","@id":"https:\/\/www.fdinternational.com\/dev\/#website","url":"https:\/\/www.fdinternational.com\/dev\/","name":"FDI - Gerenciadora de Patrimonios","description":"Gerenciamiento de Patrimonios Personales, Familiares e Institucionales","potentialAction":[{"@type":"SearchAction","target":{"@type":"EntryPoint","urlTemplate":"https:\/\/www.fdinternational.com\/dev\/?s={search_term_string}"},"query-input":"required name=search_term_string"}],"inLanguage":"es-AR"},{"@type":"ImageObject","@id":"https:\/\/www.fdinternational.com\/dev\/fdi-en-los-medios\/el-financiero-mexico-plazas-y-moneda-europeas-retroceden\/#primaryimage","inLanguage":"es-AR","url":"https:\/\/www.fdinternational.com\/dev\/wp-content\/uploads\/2024\/06\/Imagen-de-WhatsApp-2024-06-11-a-las-11.35.02_bd4524d2-1.jpg","contentUrl":"https:\/\/www.fdinternational.com\/dev\/wp-content\/uploads\/2024\/06\/Imagen-de-WhatsApp-2024-06-11-a-las-11.35.02_bd4524d2-1.jpg","width":415,"height":178},{"@type":"WebPage","@id":"https:\/\/www.fdinternational.com\/dev\/fdi-en-los-medios\/el-financiero-mexico-plazas-y-moneda-europeas-retroceden\/#webpage","url":"https:\/\/www.fdinternational.com\/dev\/fdi-en-los-medios\/el-financiero-mexico-plazas-y-moneda-europeas-retroceden\/","name":"EL FINANCIERO - M\u00c9XICO: Plazas y moneda europeas retroceden. - FDI - Gerenciadora de Patrimonios","isPartOf":{"@id":"https:\/\/www.fdinternational.com\/dev\/#website"},"primaryImageOfPage":{"@id":"https:\/\/www.fdinternational.com\/dev\/fdi-en-los-medios\/el-financiero-mexico-plazas-y-moneda-europeas-retroceden\/#primaryimage"},"datePublished":"2024-06-10T18:46:00+00:00","dateModified":"2024-06-18T18:50:56+00:00","author":{"@id":"https:\/\/www.fdinternational.com\/dev\/#\/schema\/person\/4c21fed0b59f2485d83fa7a805108080"},"description":"\"Lo que el mercado reacciona es a una derecha que en teor\u00eda era fascista, es una derecha que no est\u00e1 de acuerdo con la agenda 2030, no est\u00e1 de acuerdo con la inmigraci\u00f3n discriminada, pone m\u00e1s exigencia a los pa\u00edses perif\u00e9ricos, las ca\u00eddas en los mercados europeos tienen que ver con el ruido a una posible desuni\u00f3n de vuelta a la Uni\u00f3n Europea\".","breadcrumb":{"@id":"https:\/\/www.fdinternational.com\/dev\/fdi-en-los-medios\/el-financiero-mexico-plazas-y-moneda-europeas-retroceden\/#breadcrumb"},"inLanguage":"es-AR","potentialAction":[{"@type":"ReadAction","target":["https:\/\/www.fdinternational.com\/dev\/fdi-en-los-medios\/el-financiero-mexico-plazas-y-moneda-europeas-retroceden\/"]}]},{"@type":"BreadcrumbList","@id":"https:\/\/www.fdinternational.com\/dev\/fdi-en-los-medios\/el-financiero-mexico-plazas-y-moneda-europeas-retroceden\/#breadcrumb","itemListElement":[{"@type":"ListItem","position":1,"name":"EL FINANCIERO &#8211; M\u00c9XICO: Plazas y moneda europeas retroceden."}]},{"@type":"Person","@id":"https:\/\/www.fdinternational.com\/dev\/#\/schema\/person\/4c21fed0b59f2485d83fa7a805108080","name":"LUPA Marketing Solutions","image":{"@type":"ImageObject","@id":"https:\/\/www.fdinternational.com\/dev\/#personlogo","inLanguage":"es-AR","url":"https:\/\/secure.gravatar.com\/avatar\/bfa97f86d022e5a1e1b109c10e723b29?s=96&d=mm&r=g","contentUrl":"https:\/\/secure.gravatar.com\/avatar\/bfa97f86d022e5a1e1b109c10e723b29?s=96&d=mm&r=g","caption":"LUPA Marketing Solutions"},"url":"https:\/\/www.fdinternational.com\/dev\/author\/lupamarketing\/"}]}},"_links":{"self":[{"href":"https:\/\/www.fdinternational.com\/dev\/wp-json\/wp\/v2\/posts\/8753"}],"collection":[{"href":"https:\/\/www.fdinternational.com\/dev\/wp-json\/wp\/v2\/posts"}],"about":[{"href":"https:\/\/www.fdinternational.com\/dev\/wp-json\/wp\/v2\/types\/post"}],"author":[{"embeddable":true,"href":"https:\/\/www.fdinternational.com\/dev\/wp-json\/wp\/v2\/users\/2"}],"replies":[{"embeddable":true,"href":"https:\/\/www.fdinternational.com\/dev\/wp-json\/wp\/v2\/comments?post=8753"}],"version-history":[{"count":1,"href":"https:\/\/www.fdinternational.com\/dev\/wp-json\/wp\/v2\/posts\/8753\/revisions"}],"predecessor-version":[{"id":8756,"href":"https:\/\/www.fdinternational.com\/dev\/wp-json\/wp\/v2\/posts\/8753\/revisions\/8756"}],"wp:featuredmedia":[{"embeddable":true,"href":"https:\/\/www.fdinternational.com\/dev\/wp-json\/wp\/v2\/media\/8755"}],"wp:attachment":[{"href":"https:\/\/www.fdinternational.com\/dev\/wp-json\/wp\/v2\/media?parent=8753"}],"wp:term":[{"taxonomy":"category","embeddable":true,"href":"https:\/\/www.fdinternational.com\/dev\/wp-json\/wp\/v2\/categories?post=8753"},{"taxonomy":"post_tag","embeddable":true,"href":"https:\/\/www.fdinternational.com\/dev\/wp-json\/wp\/v2\/tags?post=8753"}],"curies":[{"name":"wp","href":"https:\/\/api.w.org\/{rel}","templated":true}]}}